{"id":165,"date":"2009-05-28T19:03:39","date_gmt":"2009-05-28T17:03:39","guid":{"rendered":"http:\/\/bjoern-b.de\/wordpress\/?p=165"},"modified":"2009-06-05T10:21:30","modified_gmt":"2009-06-05T08:21:30","slug":"tour-log-tag-0","status":"publish","type":"post","link":"https:\/\/www.bjoern-b.de\/wordpress\/?p=165","title":{"rendered":"Tour-Log Tag 0"},"content":{"rendered":"<div class=\"twoclick_social_bookmarks_post_165 social_share_privacy clearfix 1.6.4 locale-de_DE sprite-de_DE\"><\/div><div class=\"twoclick-js\"><script type=\"text\/javascript\">\/* <![CDATA[ *\/\njQuery(document).ready(function($){if($('.twoclick_social_bookmarks_post_165')){$('.twoclick_social_bookmarks_post_165').socialSharePrivacy({\"txt_help\":\"Wenn Sie diese Felder durch einen Klick aktivieren, werden Informationen an Facebook, Twitter, Flattr, Xing, t3n, LinkedIn, Pinterest oder Google eventuell ins Ausland \\u00fcbertragen und unter Umst\\u00e4nden auch dort gespeichert. N\\u00e4heres erfahren Sie durch einen Klick auf das <em>i<\\\/em>.\",\"settings_perma\":\"Dauerhaft aktivieren und Daten\\u00fcber-tragung zustimmen:\",\"info_link\":\"http:\\\/\\\/www.heise.de\\\/ct\\\/artikel\\\/2-Klicks-fuer-mehr-Datenschutz-1333879.html\",\"uri\":\"https:\\\/\\\/www.bjoern-b.de\\\/wordpress\\\/?p=165\",\"post_id\":165,\"post_title_referrer_track\":\"Tour-Log+Tag+0\",\"display_infobox\":\"on\"});}});\n\/* ]]> *\/<\/script><\/div><p>Fast alles ist eingepackt. Es fehlen noch Zelt (wird morgen bei Decathlon gekauft), Schlafsack und Gaskocher (liegen jeweils noch in O.-E.).<\/p>\n<p>Finanzen sind gekl\u00e4rt, Kurse aufgeschrieben (D\u00e4nische-, Schwedische und Norwegische-Kronen). Motorrad ist startklar, sogar \u00d6l f\u00fcr die Kette ist im Gep\u00e4ck.<\/p>\n<p>Wenn ich unterwegs mal Internet-Zugang bekommen sollte, werde ich das Log weiterf\u00fchren.<\/p>\n<p>Planung ist: Freitag Abend D\u00e4nemark, Samstag Abend Schweden, Sonntag oder Montag Norwegen. Bis Mittwoch oder Donnerstag in Norwegen, dann Heimweg.<\/p>\n","protected":false},"excerpt":{"rendered":"<p>Fast alles ist eingepackt. Es fehlen noch Zelt (wird morgen bei Decathlon gekauft), Schlafsack und Gaskocher (liegen jeweils noch in O.-E.). Finanzen sind gekl\u00e4rt, Kurse aufgeschrieben (D\u00e4nische-, Schwedische und Norwegische-Kronen). Motorrad ist startklar, sogar \u00d6l f\u00fcr die Kette ist im &hellip; <a href=\"https:\/\/www.bjoern-b.de\/wordpress\/?p=165\">Weiterlesen <span class=\"meta-nav\">&rarr;<\/span><\/a><\/p>\n","protected":false},"author":1,"featured_media":0,"comment_status":"open","ping_status":"open","sticky":false,"template":"","format":"standard","meta":{"footnotes":""},"categories":[16],"tags":[],"class_list":["post-165","post","type-post","status-publish","format-standard","hentry","category-motorrad"],"_links":{"self":[{"href":"https:\/\/www.bjoern-b.de\/wordpress\/index.php?rest_route=\/wp\/v2\/posts\/165","targetHints":{"allow":["GET"]}}],"collection":[{"href":"https:\/\/www.bjoern-b.de\/wordpress\/index.php?rest_route=\/wp\/v2\/posts"}],"about":[{"href":"https:\/\/www.bjoern-b.de\/wordpress\/index.php?rest_route=\/wp\/v2\/types\/post"}],"author":[{"embeddable":true,"href":"https:\/\/www.bjoern-b.de\/wordpress\/index.php?rest_route=\/wp\/v2\/users\/1"}],"replies":[{"embeddable":true,"href":"https:\/\/www.bjoern-b.de\/wordpress\/index.php?rest_route=%2Fwp%2Fv2%2Fcomments&post=165"}],"version-history":[{"count":4,"href":"https:\/\/www.bjoern-b.de\/wordpress\/index.php?rest_route=\/wp\/v2\/posts\/165\/revisions"}],"predecessor-version":[{"id":187,"href":"https:\/\/www.bjoern-b.de\/wordpress\/index.php?rest_route=\/wp\/v2\/posts\/165\/revisions\/187"}],"wp:attachment":[{"href":"https:\/\/www.bjoern-b.de\/wordpress\/index.php?rest_route=%2Fwp%2Fv2%2Fmedia&parent=165"}],"wp:term":[{"taxonomy":"category","embeddable":true,"href":"https:\/\/www.bjoern-b.de\/wordpress\/index.php?rest_route=%2Fwp%2Fv2%2Fcategories&post=165"},{"taxonomy":"post_tag","embeddable":true,"href":"https:\/\/www.bjoern-b.de\/wordpress\/index.php?rest_route=%2Fwp%2Fv2%2Ftags&post=165"}],"curies":[{"name":"wp","href":"https:\/\/api.w.org\/{rel}","templated":true}]}}