{"id":171,"date":"2009-05-31T20:06:50","date_gmt":"2009-05-31T18:06:50","guid":{"rendered":"http:\/\/bjoern-b.de\/wordpress\/?p=171"},"modified":"2009-06-07T13:00:42","modified_gmt":"2009-06-07T11:00:42","slug":"tour-log-tag-2-3","status":"publish","type":"post","link":"https:\/\/www.bjoern-b.de\/wordpress\/?p=171","title":{"rendered":"Tour-Log Tag 2 + 3"},"content":{"rendered":"<div class=\"twoclick_social_bookmarks_post_171 social_share_privacy clearfix 1.6.4 locale-de_DE sprite-de_DE\"><\/div><div class=\"twoclick-js\"><script type=\"text\/javascript\">\/* <![CDATA[ *\/\njQuery(document).ready(function($){if($('.twoclick_social_bookmarks_post_171')){$('.twoclick_social_bookmarks_post_171').socialSharePrivacy({\"txt_help\":\"Wenn Sie diese Felder durch einen Klick aktivieren, werden Informationen an Facebook, Twitter, Flattr, Xing, t3n, LinkedIn, Pinterest oder Google eventuell ins Ausland \\u00fcbertragen und unter Umst\\u00e4nden auch dort gespeichert. N\\u00e4heres erfahren Sie durch einen Klick auf das <em>i<\\\/em>.\",\"settings_perma\":\"Dauerhaft aktivieren und Daten\\u00fcber-tragung zustimmen:\",\"info_link\":\"http:\\\/\\\/www.heise.de\\\/ct\\\/artikel\\\/2-Klicks-fuer-mehr-Datenschutz-1333879.html\",\"uri\":\"https:\\\/\\\/www.bjoern-b.de\\\/wordpress\\\/?p=171\",\"post_id\":171,\"post_title_referrer_track\":\"Tour-Log+Tag+2+%2B+3\",\"display_infobox\":\"on\"});}});\n\/* ]]> *\/<\/script><\/div><p>&#8230; einmal Schweden und zur\u00fcck \ud83d\ude09 Trotz des Hinterreifens hatte ich mich auf den Weg gemacht. \u00dcber die Br\u00fccken, vom Festland nach Odense, dann Kopenhagen, dann \u00fcber die gigantische Oresundbr\u00fccke r\u00fcber nach Schweden. Schon ein tolle Erlebnis! Leider war kein Parkplatz in der N\u00e4he, sonst h\u00e4tte ich Fotos gemacht.<\/p>\n<p>Eigentlich hatte ich mir in &#8222;Torekov&#8220; einen Zeltplatz in ausgeguckt. Der war allerdings so teuer (fast 30 Euro f\u00fcr eine Nacht, da ich auch noch eine Schwedische Camping-Card kaufen sollte), dass ich mir etwas anderes suchte. Durch Zufall habe ich einen sehr sch\u00f6nen, kleinen, freien Rastplatz, sehr abgelegen und direkt an der K\u00fcste gefunden \ud83d\ude42<\/p>\n<p>Leider hat sich dann heute morgen zu dem inzwischen g\u00e4nzlich defekten Navi und dem verschlissenen Hinterreifen (den ich w\u00e4hrend der Tour ersetzen lassen wollte) auch noch eine blockierende Hinterradbremse gesellt. Hierdurch war, ohne dass ich es merkte, eine von zwei Bremsbl\u00f6cken komplett abgeschliffen worden. Eine l\u00e4ngere Tour, vielleicht noch \u00fcber Berge, ist leider nicht mehr m\u00f6glich.<\/p>\n<p>Schweren Herzens habe ich mich entschlossen, die Tour damit aufzugeben. Im Moment bin ich wieder auf R\u00f6m\u00f6. Wahrscheinlich werde ich Dienstag oder Mittwoch, wenn das Wetter mitspielt, zur\u00fcckfahren. 1600km habe ich bereits jetzt schon auf dem Tacho.<\/p>\n<p>Hier noch zwei Bilder von meinem Platz in Schweden.<\/p>\n<p><img loading=\"lazy\" decoding=\"async\" src=\"https:\/\/www.bjoern-b.de\/IMG_2148.JPG\" alt=\"Torekov,Schweden\" width=\"500\" height=\"333\" \/><\/p>\n<p><img decoding=\"async\" src=\"https:\/\/www.bjoern-b.de\/IMG_2150.JPG\" alt=\"Torekov,Schweden 2\" \/><\/p>\n","protected":false},"excerpt":{"rendered":"<p>&#8230; einmal Schweden und zur\u00fcck \ud83d\ude09 Trotz des Hinterreifens hatte ich mich auf den Weg gemacht. \u00dcber die Br\u00fccken, vom Festland nach Odense, dann Kopenhagen, dann \u00fcber die gigantische Oresundbr\u00fccke r\u00fcber nach Schweden. Schon ein tolle Erlebnis! Leider war kein &hellip; <a href=\"https:\/\/www.bjoern-b.de\/wordpress\/?p=171\">Weiterlesen <span class=\"meta-nav\">&rarr;<\/span><\/a><\/p>\n","protected":false},"author":1,"featured_media":0,"comment_status":"open","ping_status":"open","sticky":false,"template":"","format":"standard","meta":{"footnotes":""},"categories":[16],"tags":[],"class_list":["post-171","post","type-post","status-publish","format-standard","hentry","category-motorrad"],"_links":{"self":[{"href":"https:\/\/www.bjoern-b.de\/wordpress\/index.php?rest_route=\/wp\/v2\/posts\/171","targetHints":{"allow":["GET"]}}],"collection":[{"href":"https:\/\/www.bjoern-b.de\/wordpress\/index.php?rest_route=\/wp\/v2\/posts"}],"about":[{"href":"https:\/\/www.bjoern-b.de\/wordpress\/index.php?rest_route=\/wp\/v2\/types\/post"}],"author":[{"embeddable":true,"href":"https:\/\/www.bjoern-b.de\/wordpress\/index.php?rest_route=\/wp\/v2\/users\/1"}],"replies":[{"embeddable":true,"href":"https:\/\/www.bjoern-b.de\/wordpress\/index.php?rest_route=%2Fwp%2Fv2%2Fcomments&post=171"}],"version-history":[{"count":4,"href":"https:\/\/www.bjoern-b.de\/wordpress\/index.php?rest_route=\/wp\/v2\/posts\/171\/revisions"}],"predecessor-version":[{"id":192,"href":"https:\/\/www.bjoern-b.de\/wordpress\/index.php?rest_route=\/wp\/v2\/posts\/171\/revisions\/192"}],"wp:attachment":[{"href":"https:\/\/www.bjoern-b.de\/wordpress\/index.php?rest_route=%2Fwp%2Fv2%2Fmedia&parent=171"}],"wp:term":[{"taxonomy":"category","embeddable":true,"href":"https:\/\/www.bjoern-b.de\/wordpress\/index.php?rest_route=%2Fwp%2Fv2%2Fcategories&post=171"},{"taxonomy":"post_tag","embeddable":true,"href":"https:\/\/www.bjoern-b.de\/wordpress\/index.php?rest_route=%2Fwp%2Fv2%2Ftags&post=171"}],"curies":[{"name":"wp","href":"https:\/\/api.w.org\/{rel}","templated":true}]}}