{"id":37,"date":"2007-05-07T22:19:45","date_gmt":"2007-05-07T20:19:45","guid":{"rendered":"http:\/\/bjoern-b.de\/wordpress\/?p=37"},"modified":"2009-06-07T13:05:25","modified_gmt":"2009-06-07T11:05:25","slug":"mikrokopter-projekt-tagebuch","status":"publish","type":"post","link":"https:\/\/www.bjoern-b.de\/wordpress\/?p=37","title":{"rendered":"Mikrokopter Projekt &#8211; Tagebuch"},"content":{"rendered":"<div class=\"twoclick_social_bookmarks_post_37 social_share_privacy clearfix 1.6.4 locale-de_DE sprite-de_DE\"><\/div><div class=\"twoclick-js\"><script type=\"text\/javascript\">\/* <![CDATA[ *\/\njQuery(document).ready(function($){if($('.twoclick_social_bookmarks_post_37')){$('.twoclick_social_bookmarks_post_37').socialSharePrivacy({\"txt_help\":\"Wenn Sie diese Felder durch einen Klick aktivieren, werden Informationen an Facebook, Twitter, Flattr, Xing, t3n, LinkedIn, Pinterest oder Google eventuell ins Ausland \\u00fcbertragen und unter Umst\\u00e4nden auch dort gespeichert. N\\u00e4heres erfahren Sie durch einen Klick auf das <em>i<\\\/em>.\",\"settings_perma\":\"Dauerhaft aktivieren und Daten\\u00fcber-tragung zustimmen:\",\"info_link\":\"http:\\\/\\\/www.heise.de\\\/ct\\\/artikel\\\/2-Klicks-fuer-mehr-Datenschutz-1333879.html\",\"uri\":\"https:\\\/\\\/www.bjoern-b.de\\\/wordpress\\\/?p=37\",\"post_id\":37,\"post_title_referrer_track\":\"Mikrokopter+Projekt+%26%238211%3B+Tagebuch\",\"display_infobox\":\"on\"});}});\n\/* ]]> *\/<\/script><\/div><ul>\n<li><strong>Donnerstag, 26.7.<\/strong><br \/>\nDie Superflux-LEDs sind heute gekommen \ud83d\ude42<br \/>\n<center><a href=\"https:\/\/www.bjoern-b.de\/albums\/album12\/img_8653.sized.jpg\"><img decoding=\"async\" src=\"https:\/\/www.bjoern-b.de\/albums\/album12\/img_8653.thumb.jpg\" alt=\"MK_LEDs\" \/><\/a><\/center><\/li>\n<li><strong>Freitag, 20.7.<\/strong><br \/>\nSo, lange Zeit ists her, aber nun mal wieder ein paar Zeilen zu diesem Projekt.<br \/>\nMein Mikrokopter fliegt inzwischen und hat auch schon seinen zweiten Rahmen und einen neuen Satz Motoren, welche leiser und auch noch billiger sind, bekommen. Vielleicht schreibe ich hier demn\u00e4chst mal die genauen Daten meines Ufos auf, so lange kann man aber schonmal die Bilder in der Galerie betrachten.<\/li>\n<li><strong>Sonntag, 20.5.<\/strong><br \/>\nInzwischen sind Propeller und Fernsteuerung da und es fehlen im Grunde nur noch die Flight-Ctrl Platine und ein Akku, dann kanns losgehen \ud83d\ude42 Hier ein Bild vom aktuellen Status:<a title=\"MK halbfertig thumb\" class=\"imagelink\" href=\"https:\/\/www.bjoern-b.de\/wordpress\/wp-content\/uploads\/2007\/05\/img_8405.jpg\"><br \/>\n<\/a><\/p>\n<div style=\"text-align: center\"><a title=\"MK halbfertig thumb\" class=\"imagelink\" href=\"https:\/\/www.bjoern-b.de\/wordpress\/wp-content\/uploads\/2007\/05\/img_8405.jpg\"><img decoding=\"async\" alt=\"MK halbfertig thumb\" id=\"image40\" src=\"https:\/\/www.bjoern-b.de\/wordpress\/wp-content\/uploads\/2007\/05\/img_8405_thumb.jpg\" \/><\/a><\/div>\n<\/li>\n<li><strong>Mittwoch, 9.5.<\/strong><br \/>\nReichelt Bestellung ist angekommen. Der defekte Regler funktioniert nun wieder, es war &#8222;nur&#8220; der Mikrocontroller hin\u00fcber. Jetzt habe ich auch noch eine BL Regler Ersatzplatine f\u00fcr alle F\u00e4lle.<\/li>\n<li><strong>Dienstag, 8.5. <\/strong><br \/>\nHeute angekommen:<\/p>\n<ul>\n<li>Gyros<\/li>\n<li>Beschleunigungssensor<\/li>\n<li>BL-Regler Ersatzplatine<\/li>\n<li>die restlichen drei Motoren<\/li>\n<li>der Empf\u00e4nger<\/li>\n<\/ul>\n<p>Lipoly hat den Versand des Akkus + Ladeger\u00e4t best\u00e4tigt, die Propeller werden nachgeliefert. Das Paket von Reichelt sollte morgen da sein.<\/li>\n<li><strong>Montag, 7.5. <\/strong><br \/>\nDefekten Mikrocontroller ausgel\u00f6tet, warte auf Ersatz<br \/>\n<a title=\"Brushless Regler Thumbnail\" class=\"imagelink\" href=\"https:\/\/www.bjoern-b.de\/wordpress\/wp-content\/uploads\/2007\/05\/bl.jpg\"> <\/a><\/p>\n<div style=\"text-align: center\"><a title=\"Brushless Regler Thumbnail\" class=\"imagelink\" href=\"https:\/\/www.bjoern-b.de\/wordpress\/wp-content\/uploads\/2007\/05\/bl.jpg\"><img decoding=\"async\" alt=\"Brushless Regler Thumbnail\" id=\"image39\" src=\"https:\/\/www.bjoern-b.de\/wordpress\/wp-content\/uploads\/2007\/05\/bl_thumb.jpg\" \/><\/a><\/div>\n<\/li>\n<li><strong>Sonntag, 6.5. <\/strong><br \/>\nBeim &#8222;neugierigen&#8220; durchmessen der Regler einen Regler (bzw. den Mikrokontroller) gefraggt \ud83d\ude41 Schonmal eine neue Reglerplatine bestellt. Sollte ich die alte nochmal zum Leben erwecken k\u00f6nnen habe ich eine als Ersatz(teillager).<\/li>\n<li><strong>Freitag, 4.5. <\/strong><br \/>\nEinen Brushless Motor Robbe Roxxy 2824-34 bei Conrad bekommen. Restlichen Regler aufgebaut, alle vier liessen sich programmieren und funktionierten. Diverse Bestellungen aufgegeben; 3 Gyros, Beschleunigungssensor und Empf\u00e4nger bei mikrocontroller.com. LiPo, Ladeger\u00e4t und Propeller bei lipoly.de. Die restlichen drei Motoren bei ebay &#8230;.<\/li>\n<li><strong>Donnerstag, 3.5.<\/strong><br \/>\nBrushless Regler und Reichelt Bestellung angekommen, erster Regler aufgebaut, funktioniert.<\/li>\n<\/ul>\n<p><a href=\"http:\/\/www.mikrokopter.com\">http:\/\/www.mikrokopter.com<\/a><\/p>\n","protected":false},"excerpt":{"rendered":"<p>Donnerstag, 26.7. Die Superflux-LEDs sind heute gekommen \ud83d\ude42 Freitag, 20.7. So, lange Zeit ists her, aber nun mal wieder ein paar Zeilen zu diesem Projekt. Mein Mikrokopter fliegt inzwischen und hat auch schon seinen zweiten Rahmen und einen neuen Satz &hellip; <a href=\"https:\/\/www.bjoern-b.de\/wordpress\/?p=37\">Weiterlesen <span class=\"meta-nav\">&rarr;<\/span><\/a><\/p>\n","protected":false},"author":1,"featured_media":0,"comment_status":"open","ping_status":"open","sticky":false,"template":"","format":"standard","meta":{"footnotes":""},"categories":[4,5],"tags":[],"class_list":["post-37","post","type-post","status-publish","format-standard","hentry","category-computer","category-elektronik"],"_links":{"self":[{"href":"https:\/\/www.bjoern-b.de\/wordpress\/index.php?rest_route=\/wp\/v2\/posts\/37","targetHints":{"allow":["GET"]}}],"collection":[{"href":"https:\/\/www.bjoern-b.de\/wordpress\/index.php?rest_route=\/wp\/v2\/posts"}],"about":[{"href":"https:\/\/www.bjoern-b.de\/wordpress\/index.php?rest_route=\/wp\/v2\/types\/post"}],"author":[{"embeddable":true,"href":"https:\/\/www.bjoern-b.de\/wordpress\/index.php?rest_route=\/wp\/v2\/users\/1"}],"replies":[{"embeddable":true,"href":"https:\/\/www.bjoern-b.de\/wordpress\/index.php?rest_route=%2Fwp%2Fv2%2Fcomments&post=37"}],"version-history":[{"count":1,"href":"https:\/\/www.bjoern-b.de\/wordpress\/index.php?rest_route=\/wp\/v2\/posts\/37\/revisions"}],"predecessor-version":[{"id":200,"href":"https:\/\/www.bjoern-b.de\/wordpress\/index.php?rest_route=\/wp\/v2\/posts\/37\/revisions\/200"}],"wp:attachment":[{"href":"https:\/\/www.bjoern-b.de\/wordpress\/index.php?rest_route=%2Fwp%2Fv2%2Fmedia&parent=37"}],"wp:term":[{"taxonomy":"category","embeddable":true,"href":"https:\/\/www.bjoern-b.de\/wordpress\/index.php?rest_route=%2Fwp%2Fv2%2Fcategories&post=37"},{"taxonomy":"post_tag","embeddable":true,"href":"https:\/\/www.bjoern-b.de\/wordpress\/index.php?rest_route=%2Fwp%2Fv2%2Ftags&post=37"}],"curies":[{"name":"wp","href":"https:\/\/api.w.org\/{rel}","templated":true}]}}